{"id":894,"date":"2021-07-22T21:42:33","date_gmt":"2021-07-22T19:42:33","guid":{"rendered":"http:\/\/www.corpusfabrique.fr\/?p=894"},"modified":"2021-09-08T13:09:02","modified_gmt":"2021-09-08T11:09:02","slug":"festival-de-lequinoxe","status":"publish","type":"post","link":"https:\/\/www.corpusfabrique.fr\/index.php\/2021\/07\/22\/festival-de-lequinoxe\/","title":{"rendered":"Festival de L&#8217;Equinoxe (17, 18, 19 sept) : Journ\u00e9es du Patrimoine"},"content":{"rendered":"\n<p>Cette ann\u00e9e ! Venez participer \u00e0 notre festival annuel qui se tiendra pendant les journ\u00e9es du patrimoine, les 17, 18 et 19 septembre.<\/p>\n\n\n\n<p>Pour <strong>tous les \u00e2ges<\/strong>.<\/p>\n\n\n\n<p><strong>Jardins et pavillons <\/strong>de l&#8217;ancien asile r\u00e9ouverts exceptionnellement et investis par les artistes. <strong>Mus\u00e9e de la psychiatrie<\/strong> ouvert pour l&#8217;occasion. Immense <strong>parc <\/strong>\u00e0 visiter avec ses <strong>arbres centenaires<\/strong>.<\/p>\n\n\n\n<p><strong>Barbecue et carnaval.<\/strong><\/p>\n\n\n\n<p><strong>Th\u00e9\u00e2tre <\/strong>sur sc\u00e8ne, <strong>clown <\/strong>dans les airs et <strong>concerts <\/strong>de musique.<\/p>\n\n\n\n<p>Exposition de peintures autour de Munch et Artaud dans l&#8217;ancien pavillon d&#8217;<strong>Antonin Artaud<\/strong>.<\/p>\n\n\n\n<p>Et bien d&#8217;autres choses vous attendent, comme la vente des anciens <strong>uniformes<\/strong> des soignants.<\/p>\n\n\n\n<p>Entr\u00e9e libre et gratuite.<\/p>\n\n\n\n<p><strong>BENEVOLE ? Pour la buvette et pour l&#8217;organisation sur place, nous aurons besoin de vous et nous saurons vous remercier.<\/strong> Venez nous rejoindre en nous envoyant un e-mail \u00e0 corpusfabrique@gmail.com<\/p>\n\n\n\n<figure class=\"wp-block-image size-large\"><img decoding=\"async\" loading=\"lazy\" width=\"759\" height=\"1024\" src=\"https:\/\/www.corpusfabrique.fr\/wp-content\/uploads\/2021\/09\/afficheEquinoxeCorpusfabrique-759x1024.jpg\" alt=\"\" class=\"wp-image-964\" srcset=\"https:\/\/www.corpusfabrique.fr\/wp-content\/uploads\/2021\/09\/afficheEquinoxeCorpusfabrique-759x1024.jpg 759w, https:\/\/www.corpusfabrique.fr\/wp-content\/uploads\/2021\/09\/afficheEquinoxeCorpusfabrique-222x300.jpg 222w, https:\/\/www.corpusfabrique.fr\/wp-content\/uploads\/2021\/09\/afficheEquinoxeCorpusfabrique-768x1036.jpg 768w, https:\/\/www.corpusfabrique.fr\/wp-content\/uploads\/2021\/09\/afficheEquinoxeCorpusfabrique-1138x1536.jpg 1138w, https:\/\/www.corpusfabrique.fr\/wp-content\/uploads\/2021\/09\/afficheEquinoxeCorpusfabrique-1518x2048.jpg 1518w, https:\/\/www.corpusfabrique.fr\/wp-content\/uploads\/2021\/09\/afficheEquinoxeCorpusfabrique-scaled.jpg 1897w\" sizes=\"(max-width: 759px) 100vw, 759px\" \/><\/figure>\n\n\n\n<figure class=\"wp-block-image size-large\"><img decoding=\"async\" loading=\"lazy\" width=\"1024\" height=\"576\" src=\"https:\/\/www.corpusfabrique.fr\/wp-content\/uploads\/2021\/07\/93312759_110381193968425_1457422732999262208_n-1024x576.jpg\" alt=\"\" class=\"wp-image-898\" srcset=\"https:\/\/www.corpusfabrique.fr\/wp-content\/uploads\/2021\/07\/93312759_110381193968425_1457422732999262208_n-1024x576.jpg 1024w, https:\/\/www.corpusfabrique.fr\/wp-content\/uploads\/2021\/07\/93312759_110381193968425_1457422732999262208_n-300x169.jpg 300w, https:\/\/www.corpusfabrique.fr\/wp-content\/uploads\/2021\/07\/93312759_110381193968425_1457422732999262208_n-768x432.jpg 768w, https:\/\/www.corpusfabrique.fr\/wp-content\/uploads\/2021\/07\/93312759_110381193968425_1457422732999262208_n-1536x864.jpg 1536w, https:\/\/www.corpusfabrique.fr\/wp-content\/uploads\/2021\/07\/93312759_110381193968425_1457422732999262208_n-1110x624.jpg 1110w, https:\/\/www.corpusfabrique.fr\/wp-content\/uploads\/2021\/07\/93312759_110381193968425_1457422732999262208_n-528x297.jpg 528w, https:\/\/www.corpusfabrique.fr\/wp-content\/uploads\/2021\/07\/93312759_110381193968425_1457422732999262208_n.jpg 2048w\" sizes=\"(max-width: 1024px) 100vw, 1024px\" \/><figcaption>Festival juin 2019<\/figcaption><\/figure>\n\n\n\n<h2 class=\"has-text-align-center wp-block-heading\">Programme version pdf<\/h2>\n\n\n<a href=\"https:\/\/www.corpusfabrique.fr\/wp-content\/uploads\/2021\/07\/ProgrammeEquinoxeSVG.pdf\" class=\"pdfemb-viewer\" style=\"\" data-width=\"max\" data-height=\"max\"  data-toolbar=\"bottom\" data-toolbar-fixed=\"off\">ProgrammeEquinoxeSVG<br\/><\/a>\n<p class=\"wp-block-pdfemb-pdf-embedder-viewer\"><\/p>\n\n\n\n<p><\/p>\n\n\n\n<p><\/p>\n\n\n\n<p><\/p>\n\n\n\n<h2 class=\"has-text-align-center wp-block-heading\">Programme version images<\/h2>\n\n\n\n<div class=\"wp-block-image\"><figure class=\"aligncenter size-large\"><img decoding=\"async\" loading=\"lazy\" width=\"291\" height=\"625\" src=\"https:\/\/www.corpusfabrique.fr\/wp-content\/uploads\/2021\/09\/progPage1-a-sur3-1.png\" alt=\"\" class=\"wp-image-951\" srcset=\"https:\/\/www.corpusfabrique.fr\/wp-content\/uploads\/2021\/09\/progPage1-a-sur3-1.png 291w, https:\/\/www.corpusfabrique.fr\/wp-content\/uploads\/2021\/09\/progPage1-a-sur3-1-140x300.png 140w\" sizes=\"(max-width: 291px) 100vw, 291px\" \/><\/figure><\/div>\n\n\n\n<div class=\"wp-block-image\"><figure class=\"aligncenter size-large\"><img decoding=\"async\" loading=\"lazy\" width=\"290\" height=\"604\" src=\"https:\/\/www.corpusfabrique.fr\/wp-content\/uploads\/2021\/09\/progPage1-b-sur3-1.png\" alt=\"\" class=\"wp-image-952\" srcset=\"https:\/\/www.corpusfabrique.fr\/wp-content\/uploads\/2021\/09\/progPage1-b-sur3-1.png 290w, https:\/\/www.corpusfabrique.fr\/wp-content\/uploads\/2021\/09\/progPage1-b-sur3-1-144x300.png 144w\" sizes=\"(max-width: 290px) 100vw, 290px\" \/><\/figure><\/div>\n\n\n\n<div class=\"wp-block-image\"><figure class=\"aligncenter size-large\"><img decoding=\"async\" loading=\"lazy\" width=\"290\" height=\"618\" src=\"https:\/\/www.corpusfabrique.fr\/wp-content\/uploads\/2021\/09\/progPage1-c-sur3-1.png\" alt=\"\" class=\"wp-image-953\" srcset=\"https:\/\/www.corpusfabrique.fr\/wp-content\/uploads\/2021\/09\/progPage1-c-sur3-1.png 290w, https:\/\/www.corpusfabrique.fr\/wp-content\/uploads\/2021\/09\/progPage1-c-sur3-1-141x300.png 141w\" sizes=\"(max-width: 290px) 100vw, 290px\" \/><\/figure><\/div>\n\n\n\n<div class=\"wp-block-image\"><figure class=\"aligncenter size-large\"><img decoding=\"async\" loading=\"lazy\" width=\"291\" height=\"626\" src=\"https:\/\/www.corpusfabrique.fr\/wp-content\/uploads\/2021\/09\/progPage2-a-sur3-1.png\" alt=\"\" class=\"wp-image-954\" srcset=\"https:\/\/www.corpusfabrique.fr\/wp-content\/uploads\/2021\/09\/progPage2-a-sur3-1.png 291w, https:\/\/www.corpusfabrique.fr\/wp-content\/uploads\/2021\/09\/progPage2-a-sur3-1-139x300.png 139w\" sizes=\"(max-width: 291px) 100vw, 291px\" \/><\/figure><\/div>\n\n\n\n<div class=\"wp-block-image\"><figure class=\"aligncenter size-large\"><img decoding=\"async\" loading=\"lazy\" width=\"289\" height=\"596\" src=\"https:\/\/www.corpusfabrique.fr\/wp-content\/uploads\/2021\/09\/progPage2-b-sur3-1.png\" alt=\"\" class=\"wp-image-955\" srcset=\"https:\/\/www.corpusfabrique.fr\/wp-content\/uploads\/2021\/09\/progPage2-b-sur3-1.png 289w, https:\/\/www.corpusfabrique.fr\/wp-content\/uploads\/2021\/09\/progPage2-b-sur3-1-145x300.png 145w\" sizes=\"(max-width: 289px) 100vw, 289px\" \/><\/figure><\/div>\n\n\n\n<div class=\"wp-block-image\"><figure class=\"aligncenter size-large\"><img decoding=\"async\" loading=\"lazy\" width=\"279\" height=\"585\" src=\"https:\/\/www.corpusfabrique.fr\/wp-content\/uploads\/2021\/09\/progPage2-c-sur3-1.png\" alt=\"\" class=\"wp-image-956\" srcset=\"https:\/\/www.corpusfabrique.fr\/wp-content\/uploads\/2021\/09\/progPage2-c-sur3-1.png 279w, https:\/\/www.corpusfabrique.fr\/wp-content\/uploads\/2021\/09\/progPage2-c-sur3-1-143x300.png 143w\" sizes=\"(max-width: 279px) 100vw, 279px\" \/><\/figure><\/div>\n\n\n\n<div class=\"wp-block-image\"><figure class=\"aligncenter size-large\"><img decoding=\"async\" loading=\"lazy\" width=\"288\" height=\"598\" src=\"https:\/\/www.corpusfabrique.fr\/wp-content\/uploads\/2021\/09\/progPage3-a-sur3.png\" alt=\"\" class=\"wp-image-957\" srcset=\"https:\/\/www.corpusfabrique.fr\/wp-content\/uploads\/2021\/09\/progPage3-a-sur3.png 288w, https:\/\/www.corpusfabrique.fr\/wp-content\/uploads\/2021\/09\/progPage3-a-sur3-144x300.png 144w\" sizes=\"(max-width: 288px) 100vw, 288px\" \/><\/figure><\/div>\n\n\n\n<div class=\"wp-block-image\"><figure class=\"aligncenter size-large\"><img decoding=\"async\" loading=\"lazy\" width=\"302\" height=\"615\" src=\"https:\/\/www.corpusfabrique.fr\/wp-content\/uploads\/2021\/09\/progPage3-b-sur3.png\" alt=\"\" class=\"wp-image-958\" srcset=\"https:\/\/www.corpusfabrique.fr\/wp-content\/uploads\/2021\/09\/progPage3-b-sur3.png 302w, https:\/\/www.corpusfabrique.fr\/wp-content\/uploads\/2021\/09\/progPage3-b-sur3-147x300.png 147w\" sizes=\"(max-width: 302px) 100vw, 302px\" \/><\/figure><\/div>\n\n\n\n<div class=\"wp-block-image\"><figure class=\"aligncenter size-large\"><img decoding=\"async\" loading=\"lazy\" width=\"297\" height=\"593\" src=\"https:\/\/www.corpusfabrique.fr\/wp-content\/uploads\/2021\/09\/progPage3-c-sur3.png\" alt=\"\" class=\"wp-image-959\" srcset=\"https:\/\/www.corpusfabrique.fr\/wp-content\/uploads\/2021\/09\/progPage3-c-sur3.png 297w, https:\/\/www.corpusfabrique.fr\/wp-content\/uploads\/2021\/09\/progPage3-c-sur3-150x300.png 150w\" sizes=\"(max-width: 297px) 100vw, 297px\" \/><\/figure><\/div>\n","protected":false},"excerpt":{"rendered":"<p>Cette ann\u00e9e ! Venez participer \u00e0 notre festival annuel qui se tiendra pendant les journ\u00e9es du patrimoine, les 17, 18 et 19 septembre. Pour tous les \u00e2ges. Jardins et pavillons de l&#8217;ancien asile r\u00e9ouverts exceptionnellement et investis par les artistes. Mus\u00e9e de la psychiatrie ouvert pour l&#8217;occasion. Immense parc \u00e0 visiter avec ses arbres centenaires. [&hellip;]<\/p>\n","protected":false},"author":1,"featured_media":0,"comment_status":"closed","ping_status":"closed","sticky":false,"template":"","format":"standard","meta":[],"categories":[1],"tags":[12,13],"_links":{"self":[{"href":"https:\/\/www.corpusfabrique.fr\/index.php\/wp-json\/wp\/v2\/posts\/894"}],"collection":[{"href":"https:\/\/www.corpusfabrique.fr\/index.php\/wp-json\/wp\/v2\/posts"}],"about":[{"href":"https:\/\/www.corpusfabrique.fr\/index.php\/wp-json\/wp\/v2\/types\/post"}],"author":[{"embeddable":true,"href":"https:\/\/www.corpusfabrique.fr\/index.php\/wp-json\/wp\/v2\/users\/1"}],"replies":[{"embeddable":true,"href":"https:\/\/www.corpusfabrique.fr\/index.php\/wp-json\/wp\/v2\/comments?post=894"}],"version-history":[{"count":12,"href":"https:\/\/www.corpusfabrique.fr\/index.php\/wp-json\/wp\/v2\/posts\/894\/revisions"}],"predecessor-version":[{"id":966,"href":"https:\/\/www.corpusfabrique.fr\/index.php\/wp-json\/wp\/v2\/posts\/894\/revisions\/966"}],"wp:attachment":[{"href":"https:\/\/www.corpusfabrique.fr\/index.php\/wp-json\/wp\/v2\/media?parent=894"}],"wp:term":[{"taxonomy":"category","embeddable":true,"href":"https:\/\/www.corpusfabrique.fr\/index.php\/wp-json\/wp\/v2\/categories?post=894"},{"taxonomy":"post_tag","embeddable":true,"href":"https:\/\/www.corpusfabrique.fr\/index.php\/wp-json\/wp\/v2\/tags?post=894"}],"curies":[{"name":"wp","href":"https:\/\/api.w.org\/{rel}","templated":true}]}}