{"id":597,"date":"2020-02-26T19:07:18","date_gmt":"2020-02-26T18:07:18","guid":{"rendered":"http:\/\/www.corpusfabrique.fr\/?p=597"},"modified":"2021-02-02T21:00:42","modified_gmt":"2021-02-02T20:00:42","slug":"la-nuit-du-marin-dapres-fernando-pessoa-31-janvier-16h-theatre-pavillon-chaslin","status":"publish","type":"post","link":"https:\/\/www.corpusfabrique.fr\/index.php\/2020\/02\/26\/la-nuit-du-marin-dapres-fernando-pessoa-31-janvier-16h-theatre-pavillon-chaslin\/","title":{"rendered":"La Nuit du Marin d\u2019apr\u00e8s Fernando Pessoa 31 Janvier 16H Th\u00e9atre -> pavillon Chaslin"},"content":{"rendered":"\n<figure class=\"wp-block-image\"><img decoding=\"async\" loading=\"lazy\" width=\"768\" height=\"1024\" src=\"http:\/\/www.corpusfabrique.fr\/wp-content\/uploads\/2020\/02\/IMG_3065-768x1024.jpg\" alt=\"\" class=\"wp-image-598\" srcset=\"https:\/\/www.corpusfabrique.fr\/wp-content\/uploads\/2020\/02\/IMG_3065-768x1024.jpg 768w, https:\/\/www.corpusfabrique.fr\/wp-content\/uploads\/2020\/02\/IMG_3065-225x300.jpg 225w\" sizes=\"(max-width: 768px) 100vw, 768px\" \/><figcaption>r\u00e9p\u00e9tition de la nuit du marin <\/figcaption><\/figure>\n\n\n\n<p>\u201cPourquoi est-ce que l\u2019unique chose r\u00e9elle dans tout cela ce ne serait pas le marin, et nous, et tout ce qui est ici, seulement un de ses r\u00eaves ?\u201d<\/p>\n\n\n\n<p>L\u2019association les Diseurs Th\u00e9atre de la ville Evrard&nbsp;pr\u00e9sente leur derni\u00e8re cr\u00e9ation <em>adaptation et mise en sc\u00e8ne<\/em> : Maria de Freitas <em>avec<\/em> : Patricia Macon-Davanture, Anne-Paule Paolini,&nbsp;Anne-Marie Secret, Laurent Vassal&nbsp;<em>Chant, musique<\/em> : Nathalie Leclancher, Pedro Serra, Gilles Marais&nbsp;<\/p>\n","protected":false},"excerpt":{"rendered":"<p>\u201cPourquoi est-ce que l\u2019unique chose r\u00e9elle dans tout cela ce ne serait pas le marin, et nous, et tout ce qui est ici, seulement un de ses r\u00eaves ?\u201d L\u2019association les Diseurs Th\u00e9atre de la ville Evrard&nbsp;pr\u00e9sente leur derni\u00e8re cr\u00e9ation adaptation et mise en sc\u00e8ne : Maria de Freitas avec : Patricia Macon-Davanture, Anne-Paule Paolini,&nbsp;Anne-Marie [&hellip;]<\/p>\n","protected":false},"author":1,"featured_media":0,"comment_status":"closed","ping_status":"closed","sticky":false,"template":"","format":"standard","meta":[],"categories":[1],"tags":[],"_links":{"self":[{"href":"https:\/\/www.corpusfabrique.fr\/index.php\/wp-json\/wp\/v2\/posts\/597"}],"collection":[{"href":"https:\/\/www.corpusfabrique.fr\/index.php\/wp-json\/wp\/v2\/posts"}],"about":[{"href":"https:\/\/www.corpusfabrique.fr\/index.php\/wp-json\/wp\/v2\/types\/post"}],"author":[{"embeddable":true,"href":"https:\/\/www.corpusfabrique.fr\/index.php\/wp-json\/wp\/v2\/users\/1"}],"replies":[{"embeddable":true,"href":"https:\/\/www.corpusfabrique.fr\/index.php\/wp-json\/wp\/v2\/comments?post=597"}],"version-history":[{"count":2,"href":"https:\/\/www.corpusfabrique.fr\/index.php\/wp-json\/wp\/v2\/posts\/597\/revisions"}],"predecessor-version":[{"id":845,"href":"https:\/\/www.corpusfabrique.fr\/index.php\/wp-json\/wp\/v2\/posts\/597\/revisions\/845"}],"wp:attachment":[{"href":"https:\/\/www.corpusfabrique.fr\/index.php\/wp-json\/wp\/v2\/media?parent=597"}],"wp:term":[{"taxonomy":"category","embeddable":true,"href":"https:\/\/www.corpusfabrique.fr\/index.php\/wp-json\/wp\/v2\/categories?post=597"},{"taxonomy":"post_tag","embeddable":true,"href":"https:\/\/www.corpusfabrique.fr\/index.php\/wp-json\/wp\/v2\/tags?post=597"}],"curies":[{"name":"wp","href":"https:\/\/api.w.org\/{rel}","templated":true}]}}