{"id":22,"date":"2019-10-13T20:13:27","date_gmt":"2019-10-13T18:13:27","guid":{"rendered":"http:\/\/www.corpusfabrique.fr\/?p=22"},"modified":"2020-12-12T18:54:47","modified_gmt":"2020-12-12T17:54:47","slug":"cine-concert-de-noel","status":"publish","type":"post","link":"https:\/\/www.corpusfabrique.fr\/index.php\/2019\/10\/13\/cine-concert-de-noel\/","title":{"rendered":"Cin\u00e9-concert de No\u00ebl"},"content":{"rendered":"\n<figure class=\"wp-block-image\"><img decoding=\"async\" loading=\"lazy\" width=\"1024\" height=\"777\" src=\"http:\/\/www.corpusfabrique.fr\/wp-content\/uploads\/2019\/12\/pianonoel-1024x777.jpg\" alt=\"\" class=\"wp-image-82\" srcset=\"https:\/\/www.corpusfabrique.fr\/wp-content\/uploads\/2019\/12\/pianonoel-1024x777.jpg 1024w, https:\/\/www.corpusfabrique.fr\/wp-content\/uploads\/2019\/12\/pianonoel-300x228.jpg 300w, https:\/\/www.corpusfabrique.fr\/wp-content\/uploads\/2019\/12\/pianonoel-768x583.jpg 768w\" sizes=\"(max-width: 1024px) 100vw, 1024px\" \/><\/figure>\n\n\n\n<p>Mardi 17 d\u00e9cembre \/ 15h \/ Corpusfabrique \/ Entr\u00e9e libre<br>\nCin\u00e9-concert de No\u00ebl<br>\nEn guise de cadeau surprise, un classique du cin\u00e9ma muet \u00e0 d\u00e9couvrir ou \u00e0 red\u00e9couvrir au son du<br>\npiano de Mathieu Ferrandez.<br>\nOrganis\u00e9 par la caf\u00e9t\u00e9ria de l\u2019h\u00f4pital de Ville-Evrard<\/p>\n","protected":false},"excerpt":{"rendered":"<p>Mardi 17 d\u00e9cembre \/ 15h \/ Corpusfabrique \/ Entr\u00e9e libre Cin\u00e9-concert de No\u00ebl En guise de cadeau surprise, un classique du cin\u00e9ma muet \u00e0 d\u00e9couvrir ou \u00e0 red\u00e9couvrir au son du piano de Mathieu Ferrandez. Organis\u00e9 par la caf\u00e9t\u00e9ria de l\u2019h\u00f4pital de Ville-Evrard<\/p>\n","protected":false},"author":1,"featured_media":0,"comment_status":"closed","ping_status":"closed","sticky":false,"template":"","format":"standard","meta":[],"categories":[1],"tags":[],"_links":{"self":[{"href":"https:\/\/www.corpusfabrique.fr\/index.php\/wp-json\/wp\/v2\/posts\/22"}],"collection":[{"href":"https:\/\/www.corpusfabrique.fr\/index.php\/wp-json\/wp\/v2\/posts"}],"about":[{"href":"https:\/\/www.corpusfabrique.fr\/index.php\/wp-json\/wp\/v2\/types\/post"}],"author":[{"embeddable":true,"href":"https:\/\/www.corpusfabrique.fr\/index.php\/wp-json\/wp\/v2\/users\/1"}],"replies":[{"embeddable":true,"href":"https:\/\/www.corpusfabrique.fr\/index.php\/wp-json\/wp\/v2\/comments?post=22"}],"version-history":[{"count":2,"href":"https:\/\/www.corpusfabrique.fr\/index.php\/wp-json\/wp\/v2\/posts\/22\/revisions"}],"predecessor-version":[{"id":83,"href":"https:\/\/www.corpusfabrique.fr\/index.php\/wp-json\/wp\/v2\/posts\/22\/revisions\/83"}],"wp:attachment":[{"href":"https:\/\/www.corpusfabrique.fr\/index.php\/wp-json\/wp\/v2\/media?parent=22"}],"wp:term":[{"taxonomy":"category","embeddable":true,"href":"https:\/\/www.corpusfabrique.fr\/index.php\/wp-json\/wp\/v2\/categories?post=22"},{"taxonomy":"post_tag","embeddable":true,"href":"https:\/\/www.corpusfabrique.fr\/index.php\/wp-json\/wp\/v2\/tags?post=22"}],"curies":[{"name":"wp","href":"https:\/\/api.w.org\/{rel}","templated":true}]}}