{"id":1105,"date":"2023-10-18T17:59:00","date_gmt":"2023-10-18T15:59:00","guid":{"rendered":"http:\/\/www.corpusfabrique.fr\/?p=1105"},"modified":"2024-01-07T18:04:51","modified_gmt":"2024-01-07T17:04:51","slug":"octobre-2023-juin-2024-corpusfabrique-conduit-une-residence-territoriale-autour-du-clown","status":"publish","type":"post","link":"https:\/\/www.corpusfabrique.fr\/index.php\/2023\/10\/18\/octobre-2023-juin-2024-corpusfabrique-conduit-une-residence-territoriale-autour-du-clown\/","title":{"rendered":"Octobre 2023\/ Juin 2024 : Corpusfabrique conduit une R\u00e9sidence territoriale autour du clown"},"content":{"rendered":"\n<p>Pour cette r\u00e9sidence, une carte blanche a \u00e9t\u00e9 confi\u00e9e \u00e0&nbsp;Delphine Zucker, clown, metteure en sc\u00e8ne et co-directrice de Corpusfabrique.<\/p>\n\n\n\n<p>Des&nbsp;ateliers de clown conduits en diff\u00e9rents points du territoire aboutiront \u00e0 la cr\u00e9ation d\u2019un spectacle :&nbsp;&nbsp;<em>Vivre<\/em><em>&nbsp;!&nbsp;<\/em>&nbsp;&nbsp;portrait collectif vivant du territoire de la Seine-Saint-Denis&nbsp;et regroupant tous les participants. En parall\u00e8le, Bibi, avatar clownesque de Delphine Zucker, t\u00e9moignera de ces rencontres \u00e0 travers l\u2019\u00e9laboration d\u2019un solo, intitul\u00e9&nbsp;<em>Avec Bibi<\/em>.<\/p>\n\n\n\n<p>Patients, soignants, amateurs de tous les \u00e2ges y&nbsp;participeront :&nbsp;<em>la troupe de la Villa Suresne<\/em>&nbsp;de l\u2019h\u00f4pital de jour de Saint-Denis (GO1), une classe de 4\u00e8me du&nbsp;<em>coll\u00e8ge Georges Braque de Neuilly-sur-Marne,<\/em>&nbsp;les&nbsp;<em>adultes amateurs de l\u2019atelier clown de Corpusfabrique<\/em>&nbsp;ainsi que le&nbsp;<em>Lyc\u00e9e horticole de Montreuil<\/em>&nbsp;accompagn\u00e9 pour la sc\u00e9nographie de Zo\u00e9 Logi\u00e9 (architecte et&nbsp;sc\u00e9nographe).<\/p>\n\n\n\n<p>Ces deux spectacles verront le jour le&nbsp;<strong>29 juin 2024,<\/strong>&nbsp;dans le cadre du Festival du Solstice organis\u00e9 par Corpusfabrique, plac\u00e9 sous le signe du clown. Le pavillon Chaslin et son jardin seront transform\u00e9s pour l\u2019occasion. Une jam session du clown ouverte \u00e0 tous, ainsi qu\u2019une exposition de photo de clown de Maya Talah..<\/p>\n\n\n\n<p><em>\u00ab&nbsp;Qui cache son fou meurt sans joie<\/em><em>&nbsp;\u00bb<\/em>,&nbsp;Henri Michaux.<\/p>\n\n\n\n<p>Derri\u00e8re le nez du clown semblent disparaitre les conventions sociales&nbsp;: il est par essence un \u00eatre hors norme, d\u00e9cal\u00e9, transgressif, inadapt\u00e9, hypersensible &#8211; personnage de carnaval autant qu\u2019\u00eatre de chair qui ne se vit qu\u2019au pr\u00e9sent. Pens\u00e9 en termes de respect de l\u2019exp\u00e9rience de chacun, le clown, du fait de sa fragilit\u00e9 mais aussi gr\u00e2ce \u00e0 ses forces insoup\u00e7onn\u00e9es, nous permet d\u2019exp\u00e9rimenter, de fa\u00e7on \u00e9ph\u00e9m\u00e8re, l\u2019utopie d\u2019une certaine \u00e9galit\u00e9.<\/p>\n\n\n\n<p><strong>Les partenaires de ce projet<\/strong>&nbsp;: Th\u00e9\u00e2tre G\u00e9rard Philipe de Saint-Denis, Th\u00e9\u00e2tre de l\u2019Echangeur, Th\u00e9\u00e2tre de la Girandole, Anis Gras (P\u00f4le Art et handicap du 94)<\/p>\n\n\n\n<p><strong>Ce projet est soutenu par la R\u00e9gion Ile-de-France et D\u00e9partement de la Seine-Saint-Denis<\/strong><\/p>\n\n\n\n<figure class=\"wp-block-image size-full is-resized\"><img decoding=\"async\" loading=\"lazy\" src=\"http:\/\/www.corpusfabrique.fr\/wp-content\/uploads\/2024\/01\/image-1.png\" alt=\"\" class=\"wp-image-1107\" width=\"744\" height=\"169\" srcset=\"https:\/\/www.corpusfabrique.fr\/wp-content\/uploads\/2024\/01\/image-1.png 471w, https:\/\/www.corpusfabrique.fr\/wp-content\/uploads\/2024\/01\/image-1-300x68.png 300w\" sizes=\"(max-width: 744px) 100vw, 744px\" \/><\/figure>\n\n\n\n<figure class=\"wp-block-image size-full\"><img decoding=\"async\" loading=\"lazy\" width=\"242\" height=\"161\" src=\"http:\/\/www.corpusfabrique.fr\/wp-content\/uploads\/2024\/01\/image-2.png\" alt=\"\" class=\"wp-image-1108\"\/><\/figure>\n\n\n\n<figure class=\"wp-block-image size-full\"><img decoding=\"async\" loading=\"lazy\" width=\"480\" height=\"640\" src=\"http:\/\/www.corpusfabrique.fr\/wp-content\/uploads\/2024\/01\/image-3.png\" alt=\"\" class=\"wp-image-1109\" srcset=\"https:\/\/www.corpusfabrique.fr\/wp-content\/uploads\/2024\/01\/image-3.png 480w, https:\/\/www.corpusfabrique.fr\/wp-content\/uploads\/2024\/01\/image-3-225x300.png 225w\" sizes=\"(max-width: 480px) 100vw, 480px\" \/><\/figure>\n","protected":false},"excerpt":{"rendered":"<p>Pour cette r\u00e9sidence, une carte blanche a \u00e9t\u00e9 confi\u00e9e \u00e0&nbsp;Delphine Zucker, clown, metteure en sc\u00e8ne et co-directrice de Corpusfabrique. Des&nbsp;ateliers de clown conduits en diff\u00e9rents points du territoire aboutiront \u00e0 la cr\u00e9ation d\u2019un spectacle :&nbsp;&nbsp;Vivre&nbsp;!&nbsp;&nbsp;&nbsp;portrait collectif vivant du territoire de la Seine-Saint-Denis&nbsp;et regroupant tous les participants. En parall\u00e8le, Bibi, avatar clownesque de Delphine Zucker, t\u00e9moignera [&hellip;]<\/p>\n","protected":false},"author":1,"featured_media":0,"comment_status":"closed","ping_status":"closed","sticky":false,"template":"","format":"standard","meta":[],"categories":[1],"tags":[],"_links":{"self":[{"href":"https:\/\/www.corpusfabrique.fr\/index.php\/wp-json\/wp\/v2\/posts\/1105"}],"collection":[{"href":"https:\/\/www.corpusfabrique.fr\/index.php\/wp-json\/wp\/v2\/posts"}],"about":[{"href":"https:\/\/www.corpusfabrique.fr\/index.php\/wp-json\/wp\/v2\/types\/post"}],"author":[{"embeddable":true,"href":"https:\/\/www.corpusfabrique.fr\/index.php\/wp-json\/wp\/v2\/users\/1"}],"replies":[{"embeddable":true,"href":"https:\/\/www.corpusfabrique.fr\/index.php\/wp-json\/wp\/v2\/comments?post=1105"}],"version-history":[{"count":1,"href":"https:\/\/www.corpusfabrique.fr\/index.php\/wp-json\/wp\/v2\/posts\/1105\/revisions"}],"predecessor-version":[{"id":1110,"href":"https:\/\/www.corpusfabrique.fr\/index.php\/wp-json\/wp\/v2\/posts\/1105\/revisions\/1110"}],"wp:attachment":[{"href":"https:\/\/www.corpusfabrique.fr\/index.php\/wp-json\/wp\/v2\/media?parent=1105"}],"wp:term":[{"taxonomy":"category","embeddable":true,"href":"https:\/\/www.corpusfabrique.fr\/index.php\/wp-json\/wp\/v2\/categories?post=1105"},{"taxonomy":"post_tag","embeddable":true,"href":"https:\/\/www.corpusfabrique.fr\/index.php\/wp-json\/wp\/v2\/tags?post=1105"}],"curies":[{"name":"wp","href":"https:\/\/api.w.org\/{rel}","templated":true}]}}