{"id":10,"date":"2019-10-13T20:08:16","date_gmt":"2019-10-13T18:08:16","guid":{"rendered":"http:\/\/www.corpusfabrique.fr\/?p=10"},"modified":"2021-02-28T17:40:44","modified_gmt":"2021-02-28T16:40:44","slug":"percees","status":"publish","type":"post","link":"https:\/\/www.corpusfabrique.fr\/index.php\/2019\/10\/13\/percees\/","title":{"rendered":"Perc\u00e9es"},"content":{"rendered":"\n<figure class=\"wp-block-image\"><img decoding=\"async\" loading=\"lazy\" width=\"1024\" height=\"628\" src=\"http:\/\/www.corpusfabrique.fr\/wp-content\/uploads\/2019\/12\/perce\u0301es-1024x628.jpg\" alt=\"\" class=\"wp-image-66\" srcset=\"https:\/\/www.corpusfabrique.fr\/wp-content\/uploads\/2019\/12\/perce\u0301es-1024x628.jpg 1024w, https:\/\/www.corpusfabrique.fr\/wp-content\/uploads\/2019\/12\/perce\u0301es-300x184.jpg 300w, https:\/\/www.corpusfabrique.fr\/wp-content\/uploads\/2019\/12\/perce\u0301es-768x471.jpg 768w, https:\/\/www.corpusfabrique.fr\/wp-content\/uploads\/2019\/12\/perce\u0301es-570x350.jpg 570w, https:\/\/www.corpusfabrique.fr\/wp-content\/uploads\/2019\/12\/perce\u0301es.jpg 1070w\" sizes=\"(max-width: 1024px) 100vw, 1024px\" \/><\/figure>\n\n\n\n<p>Jeudi 16, vendredi 17 et samedi 18 octobre \/ de 9h \u00e0 19h30 \/ Maison des sciences de l\u2019homme, La<br>\nPlaine Saint-Denis* \/ Entr\u00e9e libre<br>\nPerc\u00e9es (extraits), installation photo et vid\u00e9o de Jean-Marc Oberti, C\u00e9cile Offroy et Laure Pubert<br>\nA l\u2019occasion du colloque international \u00ab&nbsp;La recherche biographique en situations et en dialogues&nbsp;\u00bb,<br>\ndes extraits photographiques et vid\u00e9ographiques de Perc\u00e9es seront pr\u00e9sent\u00e9s \u00e0 la Maison des<br>\nsciences de l\u2019homme. Perc\u00e9es est la restitution d\u2019une recherche-cr\u00e9ation sociologique,<br>\nphotographique et vid\u00e9ographique, men\u00e9e en 2018 et 2019 sur les traces de l\u2019activit\u00e9 \u2013 pass\u00e9e et<br>\npr\u00e9sente \u2013 de l\u2019ancien asile de Ville-Evrard. Travail soignant et hospitalier, bien s\u00fbr, mais aussi travail<br>\nagricole et ouvrier des patients, de leurs corps en jeu, rouages d\u2019une organisation autarcique et<br>\ncommunautaire aujourd\u2019hui disparue.<\/p>\n\n\n\n<ul><li>Maison des sciences de l\u2019homme Paris nord&nbsp;: 20, avenue George Sand, 93 210 La Plaine Saint-Denis<\/li><\/ul>\n","protected":false},"excerpt":{"rendered":"<p>Jeudi 16, vendredi 17 et samedi 18 octobre \/ de 9h \u00e0 19h30 \/ Maison des sciences de l\u2019homme, La Plaine Saint-Denis* \/ Entr\u00e9e libre Perc\u00e9es (extraits), installation photo et vid\u00e9o de Jean-Marc Oberti, C\u00e9cile Offroy et Laure Pubert A l\u2019occasion du colloque international \u00ab&nbsp;La recherche biographique en situations et en dialogues&nbsp;\u00bb, des extraits photographiques [&hellip;]<\/p>\n","protected":false},"author":1,"featured_media":0,"comment_status":"closed","ping_status":"closed","sticky":false,"template":"","format":"standard","meta":[],"categories":[1],"tags":[],"_links":{"self":[{"href":"https:\/\/www.corpusfabrique.fr\/index.php\/wp-json\/wp\/v2\/posts\/10"}],"collection":[{"href":"https:\/\/www.corpusfabrique.fr\/index.php\/wp-json\/wp\/v2\/posts"}],"about":[{"href":"https:\/\/www.corpusfabrique.fr\/index.php\/wp-json\/wp\/v2\/types\/post"}],"author":[{"embeddable":true,"href":"https:\/\/www.corpusfabrique.fr\/index.php\/wp-json\/wp\/v2\/users\/1"}],"replies":[{"embeddable":true,"href":"https:\/\/www.corpusfabrique.fr\/index.php\/wp-json\/wp\/v2\/comments?post=10"}],"version-history":[{"count":2,"href":"https:\/\/www.corpusfabrique.fr\/index.php\/wp-json\/wp\/v2\/posts\/10\/revisions"}],"predecessor-version":[{"id":67,"href":"https:\/\/www.corpusfabrique.fr\/index.php\/wp-json\/wp\/v2\/posts\/10\/revisions\/67"}],"wp:attachment":[{"href":"https:\/\/www.corpusfabrique.fr\/index.php\/wp-json\/wp\/v2\/media?parent=10"}],"wp:term":[{"taxonomy":"category","embeddable":true,"href":"https:\/\/www.corpusfabrique.fr\/index.php\/wp-json\/wp\/v2\/categories?post=10"},{"taxonomy":"post_tag","embeddable":true,"href":"https:\/\/www.corpusfabrique.fr\/index.php\/wp-json\/wp\/v2\/tags?post=10"}],"curies":[{"name":"wp","href":"https:\/\/api.w.org\/{rel}","templated":true}]}}